{"id":2060,"date":"2019-10-10T12:58:55","date_gmt":"2019-10-10T11:58:55","guid":{"rendered":"https:\/\/icoprevencio.cat\/uc\/?p=2060\/"},"modified":"2021-10-09T15:57:57","modified_gmt":"2021-10-09T14:57:57","slug":"renovacio-de-la-flota-de-mamografs-del-programa-de-cribratge-de-cancer-de-mama-de-lico","status":"publish","type":"post","link":"https:\/\/icoprevencio.cat\/uc\/renovacio-de-la-flota-de-mamografs-del-programa-de-cribratge-de-cancer-de-mama-de-lico\/","title":{"rendered":"Renovaci\u00f3 de la flota de mam\u00f2grafs del Programa de Cribratge de C\u00e0ncer de Mama de l&#8217;ICO"},"content":{"rendered":"\n<p> Les Unitats de Radiologia del Programa de Cribratge de C\u00e0ncer de l&#8217;ICO han renovat els mam\u00f2grafs que&nbsp;utilitzen&nbsp;per a la detecci\u00f3 preco\u00e7 del c\u00e0ncer&nbsp;de mama&nbsp;per altres d&#8217;\u00faltima generaci\u00f3, donats per la Fundaci\u00f3 Amancio Ortega. Els nous mam\u00f2grafs, de major qualitat, estan dotats amb tomos\u00edntesi. Aquesta nova tecnologia permetr\u00e0, en alguns casos, obtenir imatges en 3 dimensions amb les&nbsp;quals&nbsp;els radi\u00f2legs&nbsp;podran&nbsp;identificar amb m\u00e9s nitidesa si hi ha algun canvi en la densitat de la mama o si hi ha calcificacions que puguin indicar la pres\u00e8ncia d&#8217;un tumor. <\/p>\n\n\n\n<figure class=\"wp-block-image\"><img loading=\"lazy\" decoding=\"async\" width=\"599\" height=\"1024\" src=\"https:\/\/icoprevencio.cat\/uc\/wp-content\/uploads\/sites\/2\/2019\/10\/2019-mam\u00f2graf-tomos\u00edntesi-CSUB-3-599x1024.jpg\" alt=\"\" class=\"wp-image-2091\" srcset=\"https:\/\/icoprevencio.cat\/uc\/wp-content\/uploads\/sites\/2\/2019\/10\/2019-mam\u00f2graf-tomos\u00edntesi-CSUB-3-599x1024.jpg 599w, https:\/\/icoprevencio.cat\/uc\/wp-content\/uploads\/sites\/2\/2019\/10\/2019-mam\u00f2graf-tomos\u00edntesi-CSUB-3-175x300.jpg 175w, https:\/\/icoprevencio.cat\/uc\/wp-content\/uploads\/sites\/2\/2019\/10\/2019-mam\u00f2graf-tomos\u00edntesi-CSUB-3-768x1314.jpg 768w, https:\/\/icoprevencio.cat\/uc\/wp-content\/uploads\/sites\/2\/2019\/10\/2019-mam\u00f2graf-tomos\u00edntesi-CSUB-3-750x1283.jpg 750w, https:\/\/icoprevencio.cat\/uc\/wp-content\/uploads\/sites\/2\/2019\/10\/2019-mam\u00f2graf-tomos\u00edntesi-CSUB-3.jpg 1728w\" sizes=\"auto, (max-width: 599px) 100vw, 599px\" \/><\/figure>\n\n\n\n<p><\/p>\n","protected":false},"excerpt":{"rendered":"<p>Les Unitats de Radiologia del Programa de Cribratge de C\u00e0ncer de l&#8217;ICO han renovat els mam\u00f2grafs que&nbsp;utilitzen&nbsp;per a la detecci\u00f3 preco\u00e7 del c\u00e0ncer&nbsp;de mama&nbsp;per altres d&#8217;\u00faltima generaci\u00f3, donats per la Fundaci\u00f3 Amancio Ortega. Els nous mam\u00f2grafs, de major qualitat, estan dotats amb tomos\u00edntesi. Aquesta nova tecnologia permetr\u00e0, en alguns casos, obtenir imatges en 3 dimensions [&hellip;]<\/p>\n","protected":false},"author":1,"featured_media":2064,"comment_status":"closed","ping_status":"closed","sticky":false,"template":"","format":"standard","meta":{"_uag_custom_page_level_css":"","site-sidebar-layout":"default","site-content-layout":"","ast-site-content-layout":"default","site-content-style":"default","site-sidebar-style":"default","ast-global-header-display":"","ast-banner-title-visibility":"","ast-main-header-display":"","ast-hfb-above-header-display":"","ast-hfb-below-header-display":"","ast-hfb-mobile-header-display":"","site-post-title":"","ast-breadcrumbs-content":"","ast-featured-img":"","footer-sml-layout":"","ast-disable-related-posts":"","theme-transparent-header-meta":"","adv-header-id-meta":"","stick-header-meta":"","header-above-stick-meta":"","header-main-stick-meta":"","header-below-stick-meta":"","astra-migrate-meta-layouts":"default","ast-page-background-enabled":"default","ast-page-background-meta":{"desktop":{"background-color":"var(--ast-global-color-4)","background-image":"","background-repeat":"repeat","background-position":"center center","background-size":"auto","background-attachment":"scroll","background-type":"","background-media":"","overlay-type":"","overlay-color":"","overlay-opacity":"","overlay-gradient":""},"tablet":{"background-color":"","background-image":"","background-repeat":"repeat","background-position":"center center","background-size":"auto","background-attachment":"scroll","background-type":"","background-media":"","overlay-type":"","overlay-color":"","overlay-opacity":"","overlay-gradient":""},"mobile":{"background-color":"","background-image":"","background-repeat":"repeat","background-position":"center center","background-size":"auto","background-attachment":"scroll","background-type":"","background-media":"","overlay-type":"","overlay-color":"","overlay-opacity":"","overlay-gradient":""}},"ast-content-background-meta":{"desktop":{"background-color":"var(--ast-global-color-5)","background-image":"","background-repeat":"repeat","background-position":"center center","background-size":"auto","background-attachment":"scroll","background-type":"","background-media":"","overlay-type":"","overlay-color":"","overlay-opacity":"","overlay-gradient":""},"tablet":{"background-color":"var(--ast-global-color-5)","background-image":"","background-repeat":"repeat","background-position":"center center","background-size":"auto","background-attachment":"scroll","background-type":"","background-media":"","overlay-type":"","overlay-color":"","overlay-opacity":"","overlay-gradient":""},"mobile":{"background-color":"var(--ast-global-color-5)","background-image":"","background-repeat":"repeat","background-position":"center center","background-size":"auto","background-attachment":"scroll","background-type":"","background-media":"","overlay-type":"","overlay-color":"","overlay-opacity":"","overlay-gradient":""}},"_vp_format_video_url":"","_vp_image_focal_point":[],"footnotes":""},"categories":[1],"tags":[],"class_list":["post-2060","post","type-post","status-publish","format-standard","has-post-thumbnail","hentry","category-general"],"uagb_featured_image_src":{"full":["https:\/\/icoprevencio.cat\/uc\/wp-content\/uploads\/sites\/2\/2019\/10\/mamograf-noticia.jpg",600,340,false],"thumbnail":["https:\/\/icoprevencio.cat\/uc\/wp-content\/uploads\/sites\/2\/2019\/10\/mamograf-noticia-150x150.jpg",150,150,true],"medium":["https:\/\/icoprevencio.cat\/uc\/wp-content\/uploads\/sites\/2\/2019\/10\/mamograf-noticia-300x170.jpg",300,170,true],"medium_large":["https:\/\/icoprevencio.cat\/uc\/wp-content\/uploads\/sites\/2\/2019\/10\/mamograf-noticia.jpg",600,340,false],"large":["https:\/\/icoprevencio.cat\/uc\/wp-content\/uploads\/sites\/2\/2019\/10\/mamograf-noticia.jpg",600,340,false],"1536x1536":["https:\/\/icoprevencio.cat\/uc\/wp-content\/uploads\/sites\/2\/2019\/10\/mamograf-noticia.jpg",600,340,false],"2048x2048":["https:\/\/icoprevencio.cat\/uc\/wp-content\/uploads\/sites\/2\/2019\/10\/mamograf-noticia.jpg",600,340,false],"vp_sm":["https:\/\/icoprevencio.cat\/uc\/wp-content\/uploads\/sites\/2\/2019\/10\/mamograf-noticia.jpg",500,283,false],"vp_md":["https:\/\/icoprevencio.cat\/uc\/wp-content\/uploads\/sites\/2\/2019\/10\/mamograf-noticia.jpg",600,340,false],"vp_lg":["https:\/\/icoprevencio.cat\/uc\/wp-content\/uploads\/sites\/2\/2019\/10\/mamograf-noticia.jpg",600,340,false],"vp_xl":["https:\/\/icoprevencio.cat\/uc\/wp-content\/uploads\/sites\/2\/2019\/10\/mamograf-noticia.jpg",600,340,false],"vp_sm_popup":["https:\/\/icoprevencio.cat\/uc\/wp-content\/uploads\/sites\/2\/2019\/10\/mamograf-noticia.jpg",500,283,false],"vp_md_popup":["https:\/\/icoprevencio.cat\/uc\/wp-content\/uploads\/sites\/2\/2019\/10\/mamograf-noticia.jpg",600,340,false],"vp_xl_popup":["https:\/\/icoprevencio.cat\/uc\/wp-content\/uploads\/sites\/2\/2019\/10\/mamograf-noticia.jpg",600,340,false]},"uagb_author_info":{"display_name":"","author_link":"https:\/\/icoprevencio.cat\/uc\/author\/"},"uagb_comment_info":0,"uagb_excerpt":"Les Unitats de Radiologia del Programa de Cribratge de C\u00e0ncer de l&#8217;ICO han renovat els mam\u00f2grafs que&nbsp;utilitzen&nbsp;per a la detecci\u00f3 preco\u00e7 del c\u00e0ncer&nbsp;de mama&nbsp;per altres d&#8217;\u00faltima generaci\u00f3, donats per la Fundaci\u00f3 Amancio Ortega. Els nous mam\u00f2grafs, de major qualitat, estan dotats amb tomos\u00edntesi. Aquesta nova tecnologia permetr\u00e0, en alguns casos, obtenir imatges en 3 dimensions&hellip;","_links":{"self":[{"href":"https:\/\/icoprevencio.cat\/uc\/wp-json\/wp\/v2\/posts\/2060","targetHints":{"allow":["GET"]}}],"collection":[{"href":"https:\/\/icoprevencio.cat\/uc\/wp-json\/wp\/v2\/posts"}],"about":[{"href":"https:\/\/icoprevencio.cat\/uc\/wp-json\/wp\/v2\/types\/post"}],"author":[{"embeddable":true,"href":"https:\/\/icoprevencio.cat\/uc\/wp-json\/wp\/v2\/users\/1"}],"replies":[{"embeddable":true,"href":"https:\/\/icoprevencio.cat\/uc\/wp-json\/wp\/v2\/comments?post=2060"}],"version-history":[{"count":10,"href":"https:\/\/icoprevencio.cat\/uc\/wp-json\/wp\/v2\/posts\/2060\/revisions"}],"predecessor-version":[{"id":4670,"href":"https:\/\/icoprevencio.cat\/uc\/wp-json\/wp\/v2\/posts\/2060\/revisions\/4670"}],"wp:featuredmedia":[{"embeddable":true,"href":"https:\/\/icoprevencio.cat\/uc\/wp-json\/wp\/v2\/media\/2064"}],"wp:attachment":[{"href":"https:\/\/icoprevencio.cat\/uc\/wp-json\/wp\/v2\/media?parent=2060"}],"wp:term":[{"taxonomy":"category","embeddable":true,"href":"https:\/\/icoprevencio.cat\/uc\/wp-json\/wp\/v2\/categories?post=2060"},{"taxonomy":"post_tag","embeddable":true,"href":"https:\/\/icoprevencio.cat\/uc\/wp-json\/wp\/v2\/tags?post=2060"}],"curies":[{"name":"wp","href":"https:\/\/api.w.org\/{rel}","templated":true}]}}