{"id":6723,"date":"2024-09-20T08:01:25","date_gmt":"2024-09-20T07:01:25","guid":{"rendered":"https:\/\/icoprevencio.cat\/uc\/?p=6723"},"modified":"2024-09-20T08:02:48","modified_gmt":"2024-09-20T07:02:48","slug":"visita-a-la-unitat-endoscopica-de-lhospital-de-viladecans","status":"publish","type":"post","link":"https:\/\/icoprevencio.cat\/uc\/visita-a-la-unitat-endoscopica-de-lhospital-de-viladecans\/","title":{"rendered":"Visita a la unitat endosc\u00f2pica de l&#8217;Hospital de Viladecans"},"content":{"rendered":"\n<p>Diferents professionals del&nbsp;<strong>Programa de Cribratge de C\u00e0ncer Colorectal&nbsp;<\/strong>de la Unitat de Cribratge de C\u00e0ncer (UCC) de l\u2019Institut Catal\u00e0 d\u2019Oncologia (ICO) van visitar el dimecres 18 de setembre l\u2019equip de professionals de la unitat endosc\u00f2pica de l\u2019<strong>Hospital de Viladecans<\/strong>.<\/p>\n\n\n\n<p>Es tracta de la segona de les visites presencials que es faran de les&nbsp;<strong>11 unitats<\/strong>&nbsp;<strong>endosc\u00f2piques&nbsp;<\/strong>que conformen el Programa. El passat mes de juny, l\u2019equip de la UCC va visitar la unitat endosc\u00f2pica de&nbsp;<strong>l\u2019Hospital de Martorell<\/strong>. L\u2019objectiu \u00e9s donar&nbsp;<strong>feedback&nbsp;<\/strong>dels principals indicadors i recollir suggeriments o propostes de millora tant pel programa en general com per l\u2019oficina t\u00e8cnica i la mateixa unitat d\u2019endosc\u00f2pia.<\/p>\n\n\n\n<p>El Programa de Cribratge de C\u00e0ncer Colorectal convida peri\u00f2dicament les persones amb m\u00e9s risc de patir c\u00e0ncer colorectal en funci\u00f3 de la seva edat. Consisteix a realitzar-se una prova senzilla i gratu\u00efta que determina la pres\u00e8ncia de sang en les deposicions, un signe preco\u00e7 de la malaltia.<\/p>\n\n\n\n<div style=\"height:27px\" aria-hidden=\"true\" class=\"wp-block-spacer\"><\/div>\n\n\n\n<div class=\"wp-block-uagb-image aligncenter uagb-block-3bce1cb5 wp-block-uagb-image--layout-default wp-block-uagb-image--effect-static wp-block-uagb-image--align-center\"><figure class=\"wp-block-uagb-image__figure\"><img decoding=\"async\" src=\"https:\/\/icoprevencio.cat\/uc\/wp-content\/uploads\/sites\/2\/2024\/09\/IMG_3360-1024x576.jpg\" alt=\"\" class=\"uag-image-6725\" width=\"732\" height=\"411\" title=\"IMG_3360\" loading=\"lazy\" role=\"img\" \/><\/figure><\/div>\n\n\n\n<p><\/p>\n","protected":false},"excerpt":{"rendered":"<p>Diferents professionals del&nbsp;Programa de Cribratge de C\u00e0ncer Colorectal&nbsp;de la Unitat de Cribratge de C\u00e0ncer (UCC) de l\u2019Institut Catal\u00e0 d\u2019Oncologia (ICO) van visitar el dimecres 18 de setembre l\u2019equip de professionals de la unitat endosc\u00f2pica de l\u2019Hospital de Viladecans. Es tracta de la segona de les visites presencials que es faran de les&nbsp;11 unitats&nbsp;endosc\u00f2piques&nbsp;que conformen el [&hellip;]<\/p>\n","protected":false},"author":28,"featured_media":6725,"comment_status":"closed","ping_status":"closed","sticky":false,"template":"","format":"standard","meta":{"_uag_custom_page_level_css":"","site-sidebar-layout":"default","site-content-layout":"","ast-site-content-layout":"default","site-content-style":"default","site-sidebar-style":"default","ast-global-header-display":"","ast-banner-title-visibility":"","ast-main-header-display":"","ast-hfb-above-header-display":"","ast-hfb-below-header-display":"","ast-hfb-mobile-header-display":"","site-post-title":"","ast-breadcrumbs-content":"","ast-featured-img":"","footer-sml-layout":"","ast-disable-related-posts":"","theme-transparent-header-meta":"","adv-header-id-meta":"","stick-header-meta":"","header-above-stick-meta":"","header-main-stick-meta":"","header-below-stick-meta":"","astra-migrate-meta-layouts":"set","ast-page-background-enabled":"default","ast-page-background-meta":{"desktop":{"background-color":"var(--ast-global-color-4)","background-image":"","background-repeat":"repeat","background-position":"center center","background-size":"auto","background-attachment":"scroll","background-type":"","background-media":"","overlay-type":"","overlay-color":"","overlay-opacity":"","overlay-gradient":""},"tablet":{"background-color":"","background-image":"","background-repeat":"repeat","background-position":"center center","background-size":"auto","background-attachment":"scroll","background-type":"","background-media":"","overlay-type":"","overlay-color":"","overlay-opacity":"","overlay-gradient":""},"mobile":{"background-color":"","background-image":"","background-repeat":"repeat","background-position":"center center","background-size":"auto","background-attachment":"scroll","background-type":"","background-media":"","overlay-type":"","overlay-color":"","overlay-opacity":"","overlay-gradient":""}},"ast-content-background-meta":{"desktop":{"background-color":"var(--ast-global-color-5)","background-image":"","background-repeat":"repeat","background-position":"center center","background-size":"auto","background-attachment":"scroll","background-type":"","background-media":"","overlay-type":"","overlay-color":"","overlay-opacity":"","overlay-gradient":""},"tablet":{"background-color":"var(--ast-global-color-5)","background-image":"","background-repeat":"repeat","background-position":"center center","background-size":"auto","background-attachment":"scroll","background-type":"","background-media":"","overlay-type":"","overlay-color":"","overlay-opacity":"","overlay-gradient":""},"mobile":{"background-color":"var(--ast-global-color-5)","background-image":"","background-repeat":"repeat","background-position":"center center","background-size":"auto","background-attachment":"scroll","background-type":"","background-media":"","overlay-type":"","overlay-color":"","overlay-opacity":"","overlay-gradient":""}},"_vp_format_video_url":"","_vp_image_focal_point":[],"footnotes":""},"categories":[1],"tags":[],"class_list":["post-6723","post","type-post","status-publish","format-standard","has-post-thumbnail","hentry","category-general"],"uagb_featured_image_src":{"full":["https:\/\/icoprevencio.cat\/uc\/wp-content\/uploads\/sites\/2\/2024\/09\/IMG_3360-scaled.jpg",2560,1440,false],"thumbnail":["https:\/\/icoprevencio.cat\/uc\/wp-content\/uploads\/sites\/2\/2024\/09\/IMG_3360-150x150.jpg",150,150,true],"medium":["https:\/\/icoprevencio.cat\/uc\/wp-content\/uploads\/sites\/2\/2024\/09\/IMG_3360-300x169.jpg",300,169,true],"medium_large":["https:\/\/icoprevencio.cat\/uc\/wp-content\/uploads\/sites\/2\/2024\/09\/IMG_3360-768x432.jpg",768,432,true],"large":["https:\/\/icoprevencio.cat\/uc\/wp-content\/uploads\/sites\/2\/2024\/09\/IMG_3360-1024x576.jpg",1024,576,true],"1536x1536":["https:\/\/icoprevencio.cat\/uc\/wp-content\/uploads\/sites\/2\/2024\/09\/IMG_3360-1536x864.jpg",1536,864,true],"2048x2048":["https:\/\/icoprevencio.cat\/uc\/wp-content\/uploads\/sites\/2\/2024\/09\/IMG_3360-2048x1152.jpg",2048,1152,true],"vp_sm":["https:\/\/icoprevencio.cat\/uc\/wp-content\/uploads\/sites\/2\/2024\/09\/IMG_3360-500x281.jpg",500,281,true],"vp_md":["https:\/\/icoprevencio.cat\/uc\/wp-content\/uploads\/sites\/2\/2024\/09\/IMG_3360-800x450.jpg",800,450,true],"vp_lg":["https:\/\/icoprevencio.cat\/uc\/wp-content\/uploads\/sites\/2\/2024\/09\/IMG_3360-1280x720.jpg",1280,720,true],"vp_xl":["https:\/\/icoprevencio.cat\/uc\/wp-content\/uploads\/sites\/2\/2024\/09\/IMG_3360-1920x1080.jpg",1920,1080,true],"vp_sm_popup":["https:\/\/icoprevencio.cat\/uc\/wp-content\/uploads\/sites\/2\/2024\/09\/IMG_3360-500x281.jpg",500,281,true],"vp_md_popup":["https:\/\/icoprevencio.cat\/uc\/wp-content\/uploads\/sites\/2\/2024\/09\/IMG_3360-800x450.jpg",800,450,true],"vp_xl_popup":["https:\/\/icoprevencio.cat\/uc\/wp-content\/uploads\/sites\/2\/2024\/09\/IMG_3360-1920x1080.jpg",1920,1080,true]},"uagb_author_info":{"display_name":"clara","author_link":"https:\/\/icoprevencio.cat\/uc\/author\/clara\/"},"uagb_comment_info":0,"uagb_excerpt":"Diferents professionals del&nbsp;Programa de Cribratge de C\u00e0ncer Colorectal&nbsp;de la Unitat de Cribratge de C\u00e0ncer (UCC) de l\u2019Institut Catal\u00e0 d\u2019Oncologia (ICO) van visitar el dimecres 18 de setembre l\u2019equip de professionals de la unitat endosc\u00f2pica de l\u2019Hospital de Viladecans. Es tracta de la segona de les visites presencials que es faran de les&nbsp;11 unitats&nbsp;endosc\u00f2piques&nbsp;que conformen el&hellip;","_links":{"self":[{"href":"https:\/\/icoprevencio.cat\/uc\/wp-json\/wp\/v2\/posts\/6723","targetHints":{"allow":["GET"]}}],"collection":[{"href":"https:\/\/icoprevencio.cat\/uc\/wp-json\/wp\/v2\/posts"}],"about":[{"href":"https:\/\/icoprevencio.cat\/uc\/wp-json\/wp\/v2\/types\/post"}],"author":[{"embeddable":true,"href":"https:\/\/icoprevencio.cat\/uc\/wp-json\/wp\/v2\/users\/28"}],"replies":[{"embeddable":true,"href":"https:\/\/icoprevencio.cat\/uc\/wp-json\/wp\/v2\/comments?post=6723"}],"version-history":[{"count":2,"href":"https:\/\/icoprevencio.cat\/uc\/wp-json\/wp\/v2\/posts\/6723\/revisions"}],"predecessor-version":[{"id":6727,"href":"https:\/\/icoprevencio.cat\/uc\/wp-json\/wp\/v2\/posts\/6723\/revisions\/6727"}],"wp:featuredmedia":[{"embeddable":true,"href":"https:\/\/icoprevencio.cat\/uc\/wp-json\/wp\/v2\/media\/6725"}],"wp:attachment":[{"href":"https:\/\/icoprevencio.cat\/uc\/wp-json\/wp\/v2\/media?parent=6723"}],"wp:term":[{"taxonomy":"category","embeddable":true,"href":"https:\/\/icoprevencio.cat\/uc\/wp-json\/wp\/v2\/categories?post=6723"},{"taxonomy":"post_tag","embeddable":true,"href":"https:\/\/icoprevencio.cat\/uc\/wp-json\/wp\/v2\/tags?post=6723"}],"curies":[{"name":"wp","href":"https:\/\/api.w.org\/{rel}","templated":true}]}}