{"id":7256,"date":"2025-02-04T09:42:19","date_gmt":"2025-02-04T08:42:19","guid":{"rendered":"https:\/\/icoprevencio.cat\/uc\/?p=7256"},"modified":"2025-03-25T09:33:06","modified_gmt":"2025-03-25T08:33:06","slug":"dia-mundial-contra-el-cancer-els-programes-de-prevencio-de-la-ucc-al-informatiu-de-tve","status":"publish","type":"post","link":"https:\/\/icoprevencio.cat\/uc\/dia-mundial-contra-el-cancer-els-programes-de-prevencio-de-la-ucc-al-informatiu-de-tve\/","title":{"rendered":"Dia Mundial Contra el C\u00e0ncer | Els programes de prevenci\u00f3 de la UCC, a l&#8217;informatiu de TVE"},"content":{"rendered":"\n<p>A Catalunya es diagnostiquen m\u00e9s de 28.000 casos de c\u00e0ncer en un any, sent els m\u00e9s freq\u00fcents el c\u00e0ncer de c\u00f2lon i recte, pulm\u00f3 i mama. Amb motiu del <strong>Dia Mundial Contra el C\u00e0ncer<\/strong>, les coordinadores del Programa de Cribratge de C\u00e0ncer de Mama, <strong>Dra.<\/strong> <strong>N\u00faria Vives<\/strong>, i del Programa de Cribratge de C\u00e0ncer Colorectal de l\u2019Institut Catal\u00e0 d\u2019Oncologia (ICO), <strong>Dra. Gemma Binefa<\/strong>, han aparegut a l\u2019Informatiu de TVE per destacar la import\u00e0ncia de participar en els programes de prevenci\u00f3.<\/p>\n\n\n\n<p>Ambdues especialistes de la <strong>Unitat de Cribratge del C\u00e0ncer<\/strong> de l\u2019ICO van recordar que tractar un tumor abans que causi s\u00edmptomes \u00e9s clau per allargar la superviv\u00e8ncia i millorar la qualitat de vida.<\/p>\n\n\n\n<p>El Programa de Detecci\u00f3 Preco\u00e7 del C\u00e0ncer de Mama s\u2019adre\u00e7a a <strong>totes les dones entre&nbsp;50 i 69 anys<\/strong>&nbsp;i consisteix en la realitzaci\u00f3 d\u2019una mamografia gratu\u00efta cada dos anys. \u201cL\u2019objectiu de la detecci\u00f3 preco\u00e7 \u00e9s la reducci\u00f3 de la mortalitat per c\u00e0ncer de mama. Els llocs on es tenen aquest programa de cribratge es redueix la moralitat fins a un 20% per c\u00e0ncer de mama\u201d, va remarcar N\u00faria Vives.<\/p>\n\n\n\n<p>El&nbsp;Programa de Detecci\u00f3 Preco\u00e7 de C\u00e0ncer de C\u00f2lon i Recte, per altra banda,&nbsp;s\u2019adre\u00e7a a tots els&nbsp;<strong>homes i dones d\u2019entre 50 i 69 anys<\/strong>&nbsp;i consisteix a fer-se, cada dos anys, una senzilla prova a casa per detectar si les deposicions contenen petites quantitats de sang que no es veuen a simple vista. Gemma Binefa, responsable del programa i cap de la UCC, va explicar que aquest tipus de prevenci\u00f3 serveix per detectar lesions precanceroses, i \u201cgr\u00e0cies a aix\u00f2 no cal ni radioter\u00e0pia, ni quimioter\u00e0pia ni cirurgia\u201d.<\/p>\n\n\n\n<p><a href=\"https:\/\/www.rtve.es\/play\/videos\/linformatiu\/dia-mundial-contra-cancer-detectar-tractar-tumor-abans-causi-simptomes-clau\/16435615\/\"><strong>Enlla\u00e7 a la not\u00edcia<\/strong><\/a><\/p>\n\n\n\t\t\t\t\t<div\n\t\t\t\t\t\tclass=\"wp-block-uagb-image-gallery uagb-block-3b4b9447     \"\n\t\t\t\t\t\tstyle=\"\"\n\t\t\t\t\t>\n\t\t\t\t\t\t\t\t\t\t\t<div class=\"spectra-image-gallery spectra-image-gallery__layout--masonry spectra-image-gallery__layout--masonry-col-2 spectra-image-gallery__layout--masonry-col-tab-3 spectra-image-gallery__layout--masonry-col-mob-2\">\n\t\t\t\t\t\t\t\t\t\t\t<div class='spectra-image-gallery__media-wrapper--isotope'>\n\t\t\t\t\t\t\t<div class='spectra-image-gallery__media-wrapper' data-spectra-gallery-image-id='7261' tabindex=\"0\">\n\t\t\t\t\t\t\t<div class=\"spectra-image-gallery__media spectra-image-gallery__media--masonry\">\n\t\t\t\t<picture>\n\t\t\t\t\t<source media=\"(min-width: 1024px)\" srcset=\"https:\/\/icoprevencio.cat\/uc\/wp-content\/uploads\/sites\/2\/2025\/02\/NURIA-VIVES-2-tve.jpg\">\n\t\t\t\t\t<source media=\"(min-width: 768px)\" srcset=\"https:\/\/icoprevencio.cat\/uc\/wp-content\/uploads\/sites\/2\/2025\/02\/NURIA-VIVES-2-tve-1024x564.jpg\">\n\t\t\t\t\t<img decoding=\"async\" class=\"spectra-image-gallery__media-thumbnail spectra-image-gallery__media-thumbnail--masonry\" src=\"https:\/\/icoprevencio.cat\/uc\/wp-content\/uploads\/sites\/2\/2025\/02\/NURIA-VIVES-2-tve-300x165.jpg\" alt=\"\" loading=\"lazy\" \/>\n\t\t\t\t<\/picture>\n\t\t\t\t<div class=\"spectra-image-gallery__media-thumbnail-blurrer\"><\/div>\n\t\t\t\t\t\t\t\t\t\t\t<div class=\"spectra-image-gallery__media-thumbnail-caption-wrapper spectra-image-gallery__media-thumbnail-caption-wrapper--overlay\"><\/div>\n\t\t\t\t\t\t\t\t<\/div>\n\t\t\t\t\t\t<\/div>\n\t\t\t\t\t\t<\/div>\n\t\t\t\t\t\t<div class='spectra-image-gallery__media-wrapper--isotope'>\n\t\t\t\t\t\t\t<div class='spectra-image-gallery__media-wrapper' data-spectra-gallery-image-id='7259' tabindex=\"0\">\n\t\t\t\t\t\t\t<div class=\"spectra-image-gallery__media spectra-image-gallery__media--masonry\">\n\t\t\t\t<picture>\n\t\t\t\t\t<source media=\"(min-width: 1024px)\" srcset=\"https:\/\/icoprevencio.cat\/uc\/wp-content\/uploads\/sites\/2\/2025\/02\/Gemma-TVE-1-1.jpg\">\n\t\t\t\t\t<source media=\"(min-width: 768px)\" srcset=\"https:\/\/icoprevencio.cat\/uc\/wp-content\/uploads\/sites\/2\/2025\/02\/Gemma-TVE-1-1-1024x576.jpg\">\n\t\t\t\t\t<img decoding=\"async\" class=\"spectra-image-gallery__media-thumbnail spectra-image-gallery__media-thumbnail--masonry\" src=\"https:\/\/icoprevencio.cat\/uc\/wp-content\/uploads\/sites\/2\/2025\/02\/Gemma-TVE-1-1-300x169.jpg\" alt=\"\" loading=\"lazy\" \/>\n\t\t\t\t<\/picture>\n\t\t\t\t<div class=\"spectra-image-gallery__media-thumbnail-blurrer\"><\/div>\n\t\t\t\t\t\t\t\t\t\t\t<div class=\"spectra-image-gallery__media-thumbnail-caption-wrapper spectra-image-gallery__media-thumbnail-caption-wrapper--overlay\"><\/div>\n\t\t\t\t\t\t\t\t<\/div>\n\t\t\t\t\t\t<\/div>\n\t\t\t\t\t\t<\/div>\n\t\t\t\t\t\t\t\t\t\t<\/div>\n\t\t\t\t\t\t\t\t\t\t\t\t\t\t\t\t\t\t<\/div>\n\t\t\t\t\t\t\t\t\t\n\n\n<p><\/p>\n","protected":false},"excerpt":{"rendered":"<p>A Catalunya es diagnostiquen m\u00e9s de 28.000 casos de c\u00e0ncer en un any, sent els m\u00e9s freq\u00fcents el c\u00e0ncer de c\u00f2lon i recte, pulm\u00f3 i mama. Amb motiu del Dia Mundial Contra el C\u00e0ncer, les coordinadores del Programa de Cribratge de C\u00e0ncer de Mama, Dra. N\u00faria Vives, i del Programa de Cribratge de C\u00e0ncer Colorectal [&hellip;]<\/p>\n","protected":false},"author":28,"featured_media":7251,"comment_status":"closed","ping_status":"closed","sticky":false,"template":"","format":"standard","meta":{"_uag_custom_page_level_css":"","site-sidebar-layout":"default","site-content-layout":"","ast-site-content-layout":"default","site-content-style":"default","site-sidebar-style":"default","ast-global-header-display":"","ast-banner-title-visibility":"","ast-main-header-display":"","ast-hfb-above-header-display":"","ast-hfb-below-header-display":"","ast-hfb-mobile-header-display":"","site-post-title":"","ast-breadcrumbs-content":"","ast-featured-img":"","footer-sml-layout":"","ast-disable-related-posts":"","theme-transparent-header-meta":"","adv-header-id-meta":"","stick-header-meta":"","header-above-stick-meta":"","header-main-stick-meta":"","header-below-stick-meta":"","astra-migrate-meta-layouts":"set","ast-page-background-enabled":"default","ast-page-background-meta":{"desktop":{"background-color":"var(--ast-global-color-4)","background-image":"","background-repeat":"repeat","background-position":"center center","background-size":"auto","background-attachment":"scroll","background-type":"","background-media":"","overlay-type":"","overlay-color":"","overlay-opacity":"","overlay-gradient":""},"tablet":{"background-color":"","background-image":"","background-repeat":"repeat","background-position":"center center","background-size":"auto","background-attachment":"scroll","background-type":"","background-media":"","overlay-type":"","overlay-color":"","overlay-opacity":"","overlay-gradient":""},"mobile":{"background-color":"","background-image":"","background-repeat":"repeat","background-position":"center center","background-size":"auto","background-attachment":"scroll","background-type":"","background-media":"","overlay-type":"","overlay-color":"","overlay-opacity":"","overlay-gradient":""}},"ast-content-background-meta":{"desktop":{"background-color":"var(--ast-global-color-5)","background-image":"","background-repeat":"repeat","background-position":"center center","background-size":"auto","background-attachment":"scroll","background-type":"","background-media":"","overlay-type":"","overlay-color":"","overlay-opacity":"","overlay-gradient":""},"tablet":{"background-color":"var(--ast-global-color-5)","background-image":"","background-repeat":"repeat","background-position":"center center","background-size":"auto","background-attachment":"scroll","background-type":"","background-media":"","overlay-type":"","overlay-color":"","overlay-opacity":"","overlay-gradient":""},"mobile":{"background-color":"var(--ast-global-color-5)","background-image":"","background-repeat":"repeat","background-position":"center center","background-size":"auto","background-attachment":"scroll","background-type":"","background-media":"","overlay-type":"","overlay-color":"","overlay-opacity":"","overlay-gradient":""}},"_vp_format_video_url":"","_vp_image_focal_point":[],"footnotes":""},"categories":[1],"tags":[],"class_list":["post-7256","post","type-post","status-publish","format-standard","has-post-thumbnail","hentry","category-general"],"uagb_featured_image_src":{"full":["https:\/\/icoprevencio.cat\/uc\/wp-content\/uploads\/sites\/2\/2025\/02\/Gemma-TVE-1.jpg",1252,704,false],"thumbnail":["https:\/\/icoprevencio.cat\/uc\/wp-content\/uploads\/sites\/2\/2025\/02\/Gemma-TVE-1-150x150.jpg",150,150,true],"medium":["https:\/\/icoprevencio.cat\/uc\/wp-content\/uploads\/sites\/2\/2025\/02\/Gemma-TVE-1-300x169.jpg",300,169,true],"medium_large":["https:\/\/icoprevencio.cat\/uc\/wp-content\/uploads\/sites\/2\/2025\/02\/Gemma-TVE-1-768x432.jpg",768,432,true],"large":["https:\/\/icoprevencio.cat\/uc\/wp-content\/uploads\/sites\/2\/2025\/02\/Gemma-TVE-1-1024x576.jpg",1024,576,true],"1536x1536":["https:\/\/icoprevencio.cat\/uc\/wp-content\/uploads\/sites\/2\/2025\/02\/Gemma-TVE-1.jpg",1252,704,false],"2048x2048":["https:\/\/icoprevencio.cat\/uc\/wp-content\/uploads\/sites\/2\/2025\/02\/Gemma-TVE-1.jpg",1252,704,false],"vp_sm":["https:\/\/icoprevencio.cat\/uc\/wp-content\/uploads\/sites\/2\/2025\/02\/Gemma-TVE-1-500x281.jpg",500,281,true],"vp_md":["https:\/\/icoprevencio.cat\/uc\/wp-content\/uploads\/sites\/2\/2025\/02\/Gemma-TVE-1-800x450.jpg",800,450,true],"vp_lg":["https:\/\/icoprevencio.cat\/uc\/wp-content\/uploads\/sites\/2\/2025\/02\/Gemma-TVE-1.jpg",1252,704,false],"vp_xl":["https:\/\/icoprevencio.cat\/uc\/wp-content\/uploads\/sites\/2\/2025\/02\/Gemma-TVE-1.jpg",1252,704,false],"vp_sm_popup":["https:\/\/icoprevencio.cat\/uc\/wp-content\/uploads\/sites\/2\/2025\/02\/Gemma-TVE-1-500x281.jpg",500,281,true],"vp_md_popup":["https:\/\/icoprevencio.cat\/uc\/wp-content\/uploads\/sites\/2\/2025\/02\/Gemma-TVE-1-800x450.jpg",800,450,true],"vp_xl_popup":["https:\/\/icoprevencio.cat\/uc\/wp-content\/uploads\/sites\/2\/2025\/02\/Gemma-TVE-1.jpg",1252,704,false]},"uagb_author_info":{"display_name":"clara","author_link":"https:\/\/icoprevencio.cat\/uc\/author\/clara\/"},"uagb_comment_info":0,"uagb_excerpt":"A Catalunya es diagnostiquen m\u00e9s de 28.000 casos de c\u00e0ncer en un any, sent els m\u00e9s freq\u00fcents el c\u00e0ncer de c\u00f2lon i recte, pulm\u00f3 i mama. Amb motiu del Dia Mundial Contra el C\u00e0ncer, les coordinadores del Programa de Cribratge de C\u00e0ncer de Mama, Dra. N\u00faria Vives, i del Programa de Cribratge de C\u00e0ncer Colorectal&hellip;","_links":{"self":[{"href":"https:\/\/icoprevencio.cat\/uc\/wp-json\/wp\/v2\/posts\/7256","targetHints":{"allow":["GET"]}}],"collection":[{"href":"https:\/\/icoprevencio.cat\/uc\/wp-json\/wp\/v2\/posts"}],"about":[{"href":"https:\/\/icoprevencio.cat\/uc\/wp-json\/wp\/v2\/types\/post"}],"author":[{"embeddable":true,"href":"https:\/\/icoprevencio.cat\/uc\/wp-json\/wp\/v2\/users\/28"}],"replies":[{"embeddable":true,"href":"https:\/\/icoprevencio.cat\/uc\/wp-json\/wp\/v2\/comments?post=7256"}],"version-history":[{"count":3,"href":"https:\/\/icoprevencio.cat\/uc\/wp-json\/wp\/v2\/posts\/7256\/revisions"}],"predecessor-version":[{"id":7491,"href":"https:\/\/icoprevencio.cat\/uc\/wp-json\/wp\/v2\/posts\/7256\/revisions\/7491"}],"wp:featuredmedia":[{"embeddable":true,"href":"https:\/\/icoprevencio.cat\/uc\/wp-json\/wp\/v2\/media\/7251"}],"wp:attachment":[{"href":"https:\/\/icoprevencio.cat\/uc\/wp-json\/wp\/v2\/media?parent=7256"}],"wp:term":[{"taxonomy":"category","embeddable":true,"href":"https:\/\/icoprevencio.cat\/uc\/wp-json\/wp\/v2\/categories?post=7256"},{"taxonomy":"post_tag","embeddable":true,"href":"https:\/\/icoprevencio.cat\/uc\/wp-json\/wp\/v2\/tags?post=7256"}],"curies":[{"name":"wp","href":"https:\/\/api.w.org\/{rel}","templated":true}]}}