{"id":7388,"date":"2025-03-07T08:35:19","date_gmt":"2025-03-07T07:35:19","guid":{"rendered":"https:\/\/icoprevencio.cat\/uc\/?p=7388"},"modified":"2025-03-07T08:46:30","modified_gmt":"2025-03-07T07:46:30","slug":"la-ucc-compromesa-amb-la-igualtat-de-genere","status":"publish","type":"post","link":"https:\/\/icoprevencio.cat\/uc\/la-ucc-compromesa-amb-la-igualtat-de-genere\/","title":{"rendered":"La Unitat de Cribratge del C\u00e0ncer, compromesa amb la igualtat de g\u00e8nere"},"content":{"rendered":"\n<p>La Unitat de Cribratge del C\u00e0ncer s&#8217;adhereix a la campanya del <strong>Dia Internacional de les Dones (8 de mar\u00e7)<\/strong> a l&#8217;Institut Catal\u00e0 d&#8217;Oncologia que aquest any s&#8217;emmarca a imaginar un m\u00f3n on la igualtat de g\u00e8nere sigui una realitat.<\/p>\n\n\n\n<p>El Dia Internacional de les Dones \u00e9s una oportunitat per reflexionar i fer una crida per augmentar el ritme i la urg\u00e8ncia en la lluita contra les barreres sist\u00e8miques i els prejudicis que afronten les dones, tant en l\u2019\u00e0mbit personal com professional.<br><\/p>\n\n\n\n<div class=\"wp-block-uagb-image uagb-block-b04849a6 wp-block-uagb-image--layout-default wp-block-uagb-image--effect-static wp-block-uagb-image--align-none\"><figure class=\"wp-block-uagb-image__figure\"><img decoding=\"async\" src=\"https:\/\/icoprevencio.cat\/uc\/wp-content\/uploads\/sites\/2\/2025\/03\/dia-internacional-de-lA-DONA-2-1024x576.jpg\" alt=\"\" class=\"uag-image-7397\" width=\"1024\" height=\"576\" title=\"d\u00eda internacional de lA DONA (2)\" loading=\"lazy\" role=\"img\" \/><\/figure><\/div>\n\n\n\n<p><\/p>\n","protected":false},"excerpt":{"rendered":"<p>La Unitat de Cribratge del C\u00e0ncer s&#8217;adhereix a la campanya del Dia Internacional de les Dones (8 de mar\u00e7) a l&#8217;Institut Catal\u00e0 d&#8217;Oncologia que aquest any s&#8217;emmarca a imaginar un m\u00f3n on la igualtat de g\u00e8nere sigui una realitat. El Dia Internacional de les Dones \u00e9s una oportunitat per reflexionar i fer una crida per [&hellip;]<\/p>\n","protected":false},"author":28,"featured_media":7397,"comment_status":"closed","ping_status":"closed","sticky":false,"template":"","format":"standard","meta":{"_uag_custom_page_level_css":"","site-sidebar-layout":"default","site-content-layout":"","ast-site-content-layout":"default","site-content-style":"default","site-sidebar-style":"default","ast-global-header-display":"","ast-banner-title-visibility":"","ast-main-header-display":"","ast-hfb-above-header-display":"","ast-hfb-below-header-display":"","ast-hfb-mobile-header-display":"","site-post-title":"","ast-breadcrumbs-content":"","ast-featured-img":"","footer-sml-layout":"","ast-disable-related-posts":"","theme-transparent-header-meta":"","adv-header-id-meta":"","stick-header-meta":"","header-above-stick-meta":"","header-main-stick-meta":"","header-below-stick-meta":"","astra-migrate-meta-layouts":"set","ast-page-background-enabled":"default","ast-page-background-meta":{"desktop":{"background-color":"var(--ast-global-color-4)","background-image":"","background-repeat":"repeat","background-position":"center center","background-size":"auto","background-attachment":"scroll","background-type":"","background-media":"","overlay-type":"","overlay-color":"","overlay-opacity":"","overlay-gradient":""},"tablet":{"background-color":"","background-image":"","background-repeat":"repeat","background-position":"center center","background-size":"auto","background-attachment":"scroll","background-type":"","background-media":"","overlay-type":"","overlay-color":"","overlay-opacity":"","overlay-gradient":""},"mobile":{"background-color":"","background-image":"","background-repeat":"repeat","background-position":"center center","background-size":"auto","background-attachment":"scroll","background-type":"","background-media":"","overlay-type":"","overlay-color":"","overlay-opacity":"","overlay-gradient":""}},"ast-content-background-meta":{"desktop":{"background-color":"var(--ast-global-color-5)","background-image":"","background-repeat":"repeat","background-position":"center center","background-size":"auto","background-attachment":"scroll","background-type":"","background-media":"","overlay-type":"","overlay-color":"","overlay-opacity":"","overlay-gradient":""},"tablet":{"background-color":"var(--ast-global-color-5)","background-image":"","background-repeat":"repeat","background-position":"center center","background-size":"auto","background-attachment":"scroll","background-type":"","background-media":"","overlay-type":"","overlay-color":"","overlay-opacity":"","overlay-gradient":""},"mobile":{"background-color":"var(--ast-global-color-5)","background-image":"","background-repeat":"repeat","background-position":"center center","background-size":"auto","background-attachment":"scroll","background-type":"","background-media":"","overlay-type":"","overlay-color":"","overlay-opacity":"","overlay-gradient":""}},"_vp_format_video_url":"","_vp_image_focal_point":[],"footnotes":""},"categories":[1],"tags":[],"class_list":["post-7388","post","type-post","status-publish","format-standard","has-post-thumbnail","hentry","category-general"],"uagb_featured_image_src":{"full":["https:\/\/icoprevencio.cat\/uc\/wp-content\/uploads\/sites\/2\/2025\/03\/dia-internacional-de-lA-DONA-2.jpg",2400,1350,false],"thumbnail":["https:\/\/icoprevencio.cat\/uc\/wp-content\/uploads\/sites\/2\/2025\/03\/dia-internacional-de-lA-DONA-2-150x150.jpg",150,150,true],"medium":["https:\/\/icoprevencio.cat\/uc\/wp-content\/uploads\/sites\/2\/2025\/03\/dia-internacional-de-lA-DONA-2-300x169.jpg",300,169,true],"medium_large":["https:\/\/icoprevencio.cat\/uc\/wp-content\/uploads\/sites\/2\/2025\/03\/dia-internacional-de-lA-DONA-2-768x432.jpg",768,432,true],"large":["https:\/\/icoprevencio.cat\/uc\/wp-content\/uploads\/sites\/2\/2025\/03\/dia-internacional-de-lA-DONA-2-1024x576.jpg",1024,576,true],"1536x1536":["https:\/\/icoprevencio.cat\/uc\/wp-content\/uploads\/sites\/2\/2025\/03\/dia-internacional-de-lA-DONA-2-1536x864.jpg",1536,864,true],"2048x2048":["https:\/\/icoprevencio.cat\/uc\/wp-content\/uploads\/sites\/2\/2025\/03\/dia-internacional-de-lA-DONA-2-2048x1152.jpg",2048,1152,true],"vp_sm":["https:\/\/icoprevencio.cat\/uc\/wp-content\/uploads\/sites\/2\/2025\/03\/dia-internacional-de-lA-DONA-2-500x281.jpg",500,281,true],"vp_md":["https:\/\/icoprevencio.cat\/uc\/wp-content\/uploads\/sites\/2\/2025\/03\/dia-internacional-de-lA-DONA-2-800x450.jpg",800,450,true],"vp_lg":["https:\/\/icoprevencio.cat\/uc\/wp-content\/uploads\/sites\/2\/2025\/03\/dia-internacional-de-lA-DONA-2-1280x720.jpg",1280,720,true],"vp_xl":["https:\/\/icoprevencio.cat\/uc\/wp-content\/uploads\/sites\/2\/2025\/03\/dia-internacional-de-lA-DONA-2-1920x1080.jpg",1920,1080,true],"vp_sm_popup":["https:\/\/icoprevencio.cat\/uc\/wp-content\/uploads\/sites\/2\/2025\/03\/dia-internacional-de-lA-DONA-2-500x281.jpg",500,281,true],"vp_md_popup":["https:\/\/icoprevencio.cat\/uc\/wp-content\/uploads\/sites\/2\/2025\/03\/dia-internacional-de-lA-DONA-2-800x450.jpg",800,450,true],"vp_xl_popup":["https:\/\/icoprevencio.cat\/uc\/wp-content\/uploads\/sites\/2\/2025\/03\/dia-internacional-de-lA-DONA-2-1920x1080.jpg",1920,1080,true]},"uagb_author_info":{"display_name":"clara","author_link":"https:\/\/icoprevencio.cat\/uc\/author\/clara\/"},"uagb_comment_info":0,"uagb_excerpt":"La Unitat de Cribratge del C\u00e0ncer s&#8217;adhereix a la campanya del Dia Internacional de les Dones (8 de mar\u00e7) a l&#8217;Institut Catal\u00e0 d&#8217;Oncologia que aquest any s&#8217;emmarca a imaginar un m\u00f3n on la igualtat de g\u00e8nere sigui una realitat. El Dia Internacional de les Dones \u00e9s una oportunitat per reflexionar i fer una crida per&hellip;","_links":{"self":[{"href":"https:\/\/icoprevencio.cat\/uc\/wp-json\/wp\/v2\/posts\/7388","targetHints":{"allow":["GET"]}}],"collection":[{"href":"https:\/\/icoprevencio.cat\/uc\/wp-json\/wp\/v2\/posts"}],"about":[{"href":"https:\/\/icoprevencio.cat\/uc\/wp-json\/wp\/v2\/types\/post"}],"author":[{"embeddable":true,"href":"https:\/\/icoprevencio.cat\/uc\/wp-json\/wp\/v2\/users\/28"}],"replies":[{"embeddable":true,"href":"https:\/\/icoprevencio.cat\/uc\/wp-json\/wp\/v2\/comments?post=7388"}],"version-history":[{"count":5,"href":"https:\/\/icoprevencio.cat\/uc\/wp-json\/wp\/v2\/posts\/7388\/revisions"}],"predecessor-version":[{"id":7400,"href":"https:\/\/icoprevencio.cat\/uc\/wp-json\/wp\/v2\/posts\/7388\/revisions\/7400"}],"wp:featuredmedia":[{"embeddable":true,"href":"https:\/\/icoprevencio.cat\/uc\/wp-json\/wp\/v2\/media\/7397"}],"wp:attachment":[{"href":"https:\/\/icoprevencio.cat\/uc\/wp-json\/wp\/v2\/media?parent=7388"}],"wp:term":[{"taxonomy":"category","embeddable":true,"href":"https:\/\/icoprevencio.cat\/uc\/wp-json\/wp\/v2\/categories?post=7388"},{"taxonomy":"post_tag","embeddable":true,"href":"https:\/\/icoprevencio.cat\/uc\/wp-json\/wp\/v2\/tags?post=7388"}],"curies":[{"name":"wp","href":"https:\/\/api.w.org\/{rel}","templated":true}]}}