{"id":8304,"date":"2026-03-31T06:00:00","date_gmt":"2026-03-31T05:00:00","guid":{"rendered":"https:\/\/icoprevencio.cat\/uc\/?p=8304"},"modified":"2026-03-31T11:27:51","modified_gmt":"2026-03-31T10:27:51","slug":"dia-mundial-del-cancer-de-colon-i-recte-la-deteccio-precoc-salva-vides","status":"publish","type":"post","link":"https:\/\/icoprevencio.cat\/uc\/dia-mundial-del-cancer-de-colon-i-recte-la-deteccio-precoc-salva-vides\/","title":{"rendered":"Dia Mundial del C\u00e0ncer de C\u00f2lon i Recte: la detecci\u00f3 preco\u00e7 salva vides"},"content":{"rendered":"\n<iframe loading=\"lazy\" width=\"100%\" height=\"600px\" src=\"https:\/\/www.youtube.com\/embed\/AZrUiqNWzLo?si=1HhwjiLnxq1-Xi_r\" title=\"YouTube video player\" frameborder=\"0\" allow=\"accelerometer; autoplay; clipboard-write; encrypted-media; gyroscope; picture-in-picture; web-share\" referrerpolicy=\"strict-origin-when-cross-origin\" allowfullscreen><\/iframe>\n\n\n\n<p style=\"margin-top:var(--wp--preset--spacing--80)\">Amb motiu del <strong>Dia Mundial Contra el C\u00e0ncer de C\u00f2lon i Recte<\/strong>, que se celebra cada 31 de mar\u00e7, la Unitat de Cribratge del C\u00e0ncer vol posar de manifest la import\u00e0ncia de <strong>participar en els programes de detecci\u00f3 preco\u00e7<\/strong>, una eina fonamental per reduir la incid\u00e8ncia i la mortalitat d\u2019aquesta malaltia.<\/p>\n\n\n\n<p>El c\u00e0ncer de c\u00f2lon i recte \u00e9s el tumor m\u00e9s freq\u00fcent si es tenen en compte ambd\u00f3s sexes. A Catalunya, se\u2019n diagnostiquen<strong> prop de 7.000 casos nous cada any<\/strong>. Tamb\u00e9 \u00e9s la segona causa de mort per c\u00e0ncer al nostre pa\u00eds (2.200 anuals). Els programes de detecci\u00f3 preco\u00e7 permeten detectar la malaltia en <strong>estadis inicials<\/strong>, la qual cosa fa que sigui <strong>m\u00e9s f\u00e0cil de tractar<\/strong> i n\u2019augmenta les possibilitats de curaci\u00f3.<\/p>\n\n\n\n<p class=\"has-medium-font-size\"><strong>El 2025, en dades<\/strong> <strong>provisionals<\/strong><\/p>\n\n\n\n<p>Durant el 2025, el <strong><a href=\"https:\/\/icoprevencio.cat\/uc\/pdpccr-usuaris\/\" data-type=\"link\" data-id=\"https:\/\/icoprevencio.cat\/uc\/pdpccr-usuaris\/\">Programa de Detecci\u00f3 Preco\u00e7 de C\u00e0ncer de C\u00f2lon i Recte<\/a><\/strong> de la Unitat de Cribratge del C\u00e0ncer de l\u2019ICO ha convidat a <strong>284.488 persones<\/strong> assolint una participaci\u00f3 del <strong>49,32%.<\/strong><\/p>\n\n\n\n<p>Adre\u00e7at a una poblaci\u00f3 diana d\u2019homes i dones de 50 a 69 anys, el Programa ofereix la possibilitat de realitzar, cada dos anys i de manera gratu\u00efta, <strong>un test per detectar sang oculta en femta<\/strong> no apreciable a simple vista, la qual pot ser fruit de l\u2019exist\u00e8ncia d\u2019un adenoma (lesi\u00f3 que en un futur pot arribar a ser maligna) o d\u2019un c\u00e0ncer.<\/p>\n\n\n\n<p>De les persones convidades que han participat, els resultats de la prova de sang oculta en femta (TSOF) son:<\/p>\n\n\n\n<ul class=\"wp-block-list\">\n<li><strong>5.588 persones<\/strong> (3,98%) han obtingut un resultat positiu<\/li>\n\n\n\n<li><strong>134.191<\/strong> (95,65%) han tingut un resultat negatiu<\/li>\n<\/ul>\n\n\n\n<p>A partir d\u2019aquests resultats, fins ara s\u2019han realitzat <strong>4.272 colonosc\u00f2pies<\/strong>. En aquestes exploracions:<\/p>\n\n\n\n<ul class=\"wp-block-list\">\n<li>s\u2019han detectat adenomes avan\u00e7ats en un <strong>31,16%<\/strong> dels casos<\/li>\n\n\n\n<li>s\u2019han diagnosticat <strong>83 c\u00e0ncers colorectals<\/strong> (1,94%)<\/li>\n<\/ul>\n\n\n\n<p>Cal destacar que el <strong>51,39%<\/strong> dels c\u00e0ncers detectats es trobaven en fases inicials.<\/p>\n\n\n\n<p class=\"has-medium-font-size\"><strong>Participaci\u00f3 i estil de vida: dos pilars essencials<\/strong><\/p>\n\n\n\n<p>Des de la Unitat de Cribratge insistim en la necessitat de participar en el programa. A m\u00e9s, recomanem adoptar h\u00e0bits saludables per reduir el risc de c\u00e0ncer colorectal: dieta rica en fruita i verdura, menys carn vermella i processada, i evitar el tabac, l\u2019alcohol i les begudes ensucrades. Detectar a temps continua sent la millor eina per fer front al c\u00e0ncer de c\u00f2lon i recte.<\/p>\n","protected":false},"excerpt":{"rendered":"<p>Amb motiu del Dia Mundial Contra el C\u00e0ncer de C\u00f2lon i Recte, que se celebra cada 31 de mar\u00e7, la Unitat de Cribratge del C\u00e0ncer vol posar de manifest la import\u00e0ncia de participar en els programes de detecci\u00f3 preco\u00e7, una eina fonamental per reduir la incid\u00e8ncia i la mortalitat d\u2019aquesta malaltia. El c\u00e0ncer de c\u00f2lon [&hellip;]<\/p>\n","protected":false},"author":28,"featured_media":8314,"comment_status":"closed","ping_status":"closed","sticky":false,"template":"","format":"standard","meta":{"_uag_custom_page_level_css":"","site-sidebar-layout":"default","site-content-layout":"","ast-site-content-layout":"default","site-content-style":"default","site-sidebar-style":"default","ast-global-header-display":"","ast-banner-title-visibility":"","ast-main-header-display":"","ast-hfb-above-header-display":"","ast-hfb-below-header-display":"","ast-hfb-mobile-header-display":"","site-post-title":"","ast-breadcrumbs-content":"","ast-featured-img":"","footer-sml-layout":"","ast-disable-related-posts":"","theme-transparent-header-meta":"","adv-header-id-meta":"","stick-header-meta":"","header-above-stick-meta":"","header-main-stick-meta":"","header-below-stick-meta":"","astra-migrate-meta-layouts":"set","ast-page-background-enabled":"default","ast-page-background-meta":{"desktop":{"background-color":"var(--ast-global-color-4)","background-image":"","background-repeat":"repeat","background-position":"center center","background-size":"auto","background-attachment":"scroll","background-type":"","background-media":"","overlay-type":"","overlay-color":"","overlay-opacity":"","overlay-gradient":""},"tablet":{"background-color":"","background-image":"","background-repeat":"repeat","background-position":"center center","background-size":"auto","background-attachment":"scroll","background-type":"","background-media":"","overlay-type":"","overlay-color":"","overlay-opacity":"","overlay-gradient":""},"mobile":{"background-color":"","background-image":"","background-repeat":"repeat","background-position":"center center","background-size":"auto","background-attachment":"scroll","background-type":"","background-media":"","overlay-type":"","overlay-color":"","overlay-opacity":"","overlay-gradient":""}},"ast-content-background-meta":{"desktop":{"background-color":"var(--ast-global-color-5)","background-image":"","background-repeat":"repeat","background-position":"center center","background-size":"auto","background-attachment":"scroll","background-type":"","background-media":"","overlay-type":"","overlay-color":"","overlay-opacity":"","overlay-gradient":""},"tablet":{"background-color":"var(--ast-global-color-5)","background-image":"","background-repeat":"repeat","background-position":"center center","background-size":"auto","background-attachment":"scroll","background-type":"","background-media":"","overlay-type":"","overlay-color":"","overlay-opacity":"","overlay-gradient":""},"mobile":{"background-color":"var(--ast-global-color-5)","background-image":"","background-repeat":"repeat","background-position":"center center","background-size":"auto","background-attachment":"scroll","background-type":"","background-media":"","overlay-type":"","overlay-color":"","overlay-opacity":"","overlay-gradient":""}},"_vp_format_video_url":"","_vp_image_focal_point":[],"footnotes":""},"categories":[1],"tags":[],"class_list":["post-8304","post","type-post","status-publish","format-standard","has-post-thumbnail","hentry","category-general"],"uagb_featured_image_src":{"full":["https:\/\/icoprevencio.cat\/uc\/wp-content\/uploads\/sites\/2\/2026\/03\/Dia-Mundial-del-Cancer-de-Colon-i-Recte.jpg",1920,1080,false],"thumbnail":["https:\/\/icoprevencio.cat\/uc\/wp-content\/uploads\/sites\/2\/2026\/03\/Dia-Mundial-del-Cancer-de-Colon-i-Recte-150x150.jpg",150,150,true],"medium":["https:\/\/icoprevencio.cat\/uc\/wp-content\/uploads\/sites\/2\/2026\/03\/Dia-Mundial-del-Cancer-de-Colon-i-Recte-300x169.jpg",300,169,true],"medium_large":["https:\/\/icoprevencio.cat\/uc\/wp-content\/uploads\/sites\/2\/2026\/03\/Dia-Mundial-del-Cancer-de-Colon-i-Recte-768x432.jpg",768,432,true],"large":["https:\/\/icoprevencio.cat\/uc\/wp-content\/uploads\/sites\/2\/2026\/03\/Dia-Mundial-del-Cancer-de-Colon-i-Recte-1024x576.jpg",1024,576,true],"1536x1536":["https:\/\/icoprevencio.cat\/uc\/wp-content\/uploads\/sites\/2\/2026\/03\/Dia-Mundial-del-Cancer-de-Colon-i-Recte-1536x864.jpg",1536,864,true],"2048x2048":["https:\/\/icoprevencio.cat\/uc\/wp-content\/uploads\/sites\/2\/2026\/03\/Dia-Mundial-del-Cancer-de-Colon-i-Recte.jpg",1920,1080,false],"vp_sm":["https:\/\/icoprevencio.cat\/uc\/wp-content\/uploads\/sites\/2\/2026\/03\/Dia-Mundial-del-Cancer-de-Colon-i-Recte-500x281.jpg",500,281,true],"vp_md":["https:\/\/icoprevencio.cat\/uc\/wp-content\/uploads\/sites\/2\/2026\/03\/Dia-Mundial-del-Cancer-de-Colon-i-Recte-800x450.jpg",800,450,true],"vp_lg":["https:\/\/icoprevencio.cat\/uc\/wp-content\/uploads\/sites\/2\/2026\/03\/Dia-Mundial-del-Cancer-de-Colon-i-Recte-1280x720.jpg",1280,720,true],"vp_xl":["https:\/\/icoprevencio.cat\/uc\/wp-content\/uploads\/sites\/2\/2026\/03\/Dia-Mundial-del-Cancer-de-Colon-i-Recte.jpg",1920,1080,false],"vp_sm_popup":["https:\/\/icoprevencio.cat\/uc\/wp-content\/uploads\/sites\/2\/2026\/03\/Dia-Mundial-del-Cancer-de-Colon-i-Recte-500x281.jpg",500,281,true],"vp_md_popup":["https:\/\/icoprevencio.cat\/uc\/wp-content\/uploads\/sites\/2\/2026\/03\/Dia-Mundial-del-Cancer-de-Colon-i-Recte-800x450.jpg",800,450,true],"vp_xl_popup":["https:\/\/icoprevencio.cat\/uc\/wp-content\/uploads\/sites\/2\/2026\/03\/Dia-Mundial-del-Cancer-de-Colon-i-Recte.jpg",1920,1080,false]},"uagb_author_info":{"display_name":"clara","author_link":"https:\/\/icoprevencio.cat\/uc\/author\/clara\/"},"uagb_comment_info":0,"uagb_excerpt":"Amb motiu del Dia Mundial Contra el C\u00e0ncer de C\u00f2lon i Recte, que se celebra cada 31 de mar\u00e7, la Unitat de Cribratge del C\u00e0ncer vol posar de manifest la import\u00e0ncia de participar en els programes de detecci\u00f3 preco\u00e7, una eina fonamental per reduir la incid\u00e8ncia i la mortalitat d\u2019aquesta malaltia. El c\u00e0ncer de c\u00f2lon&hellip;","_links":{"self":[{"href":"https:\/\/icoprevencio.cat\/uc\/wp-json\/wp\/v2\/posts\/8304","targetHints":{"allow":["GET"]}}],"collection":[{"href":"https:\/\/icoprevencio.cat\/uc\/wp-json\/wp\/v2\/posts"}],"about":[{"href":"https:\/\/icoprevencio.cat\/uc\/wp-json\/wp\/v2\/types\/post"}],"author":[{"embeddable":true,"href":"https:\/\/icoprevencio.cat\/uc\/wp-json\/wp\/v2\/users\/28"}],"replies":[{"embeddable":true,"href":"https:\/\/icoprevencio.cat\/uc\/wp-json\/wp\/v2\/comments?post=8304"}],"version-history":[{"count":26,"href":"https:\/\/icoprevencio.cat\/uc\/wp-json\/wp\/v2\/posts\/8304\/revisions"}],"predecessor-version":[{"id":8359,"href":"https:\/\/icoprevencio.cat\/uc\/wp-json\/wp\/v2\/posts\/8304\/revisions\/8359"}],"wp:featuredmedia":[{"embeddable":true,"href":"https:\/\/icoprevencio.cat\/uc\/wp-json\/wp\/v2\/media\/8314"}],"wp:attachment":[{"href":"https:\/\/icoprevencio.cat\/uc\/wp-json\/wp\/v2\/media?parent=8304"}],"wp:term":[{"taxonomy":"category","embeddable":true,"href":"https:\/\/icoprevencio.cat\/uc\/wp-json\/wp\/v2\/categories?post=8304"},{"taxonomy":"post_tag","embeddable":true,"href":"https:\/\/icoprevencio.cat\/uc\/wp-json\/wp\/v2\/tags?post=8304"}],"curies":[{"name":"wp","href":"https:\/\/api.w.org\/{rel}","templated":true}]}}