{"id":11855,"date":"2024-12-10T09:49:01","date_gmt":"2024-12-10T08:49:01","guid":{"rendered":"https:\/\/icoprevencio.cat\/uct\/?p=11855"},"modified":"2025-07-17T13:42:04","modified_gmt":"2025-07-17T12:42:04","slug":"celebrem-la-7a-edicio-de-lico-who-symposium-on-tobacco-control","status":"publish","type":"post","link":"https:\/\/icoprevencio.cat\/uct\/celebrem-la-7a-edicio-de-lico-who-symposium-on-tobacco-control\/","title":{"rendered":"Celebrem la 7a edici\u00f3 de l&#8217;ICO-WHO Symposium on Tobacco Control"},"content":{"rendered":"\n<p>La Sala d\u2019Actes Pau Viladiu de l\u2019ICO l\u2019Hospitalet va acollir la 7a edici\u00f3 de l&#8217;ICO-WHO Symposium on Tobacco Control el dilluns 9 de desembre. Aquesta jornada, organitzada per la <strong>Unitat de Control del Tabac<\/strong> de l\u2019ICO-IDIBELL amb col\u00b7laboraci\u00f3 de l&#8217;<strong>Organitzaci\u00f3 Mundial de la Salut (OMS)<\/strong>, t\u00e9 com a objectiu proporcionar un espai per a debatre i reflexionar sobre els principals aven\u00e7os, reptes actuals i noves directrius en el control del tabac.<\/p>\n\n\n\n<p>L&#8217;edici\u00f3 d&#8217;aquest any, titulada <strong>&#8220;Taking Decisive Action in Tobacco Control&#8221;<\/strong>, va abordar els principals reptes que han sorgit gaireb\u00e9 dues d\u00e8cades despr\u00e9s de la ratificaci\u00f3 del Conveni Marc de l&#8217;OMS per al Control del Tabac (CMCT). L\u2019increment de nous productes de nicotina, la necessitat d\u2019ampliar els espais sense fum i la import\u00e0ncia d\u2019implementar intervencions basades en l&#8217;evid\u00e8ncia per reduir el consum de tabac van ser algunes de les q\u00fcestions que es van tractar durant aquesta jornada de la m\u00e0 de destacats experts internacionals.<\/p>\n\n\n\n<p>El simposi, que va reunir al voltant de <strong>100 assistents<\/strong> presencials i virtuals, va comptar amb la pres\u00e8ncia del director general de Salut P\u00fablica del Ministeri de Sanitat, <strong>Pedro Gull\u00f3n<\/strong>, i el secretari de Salut P\u00fablica de la Generalitat de Catalunya, <strong>Esteve Fern\u00e1ndez<\/strong>. Juntament amb la cap de la Unitat de Control del Tabac, <strong>Cristina Mart\u00ednez<\/strong>, van ser els encarregats d&#8217;inaugurar la jornada.<\/p>\n\n\n\t\t\t\t\t<div\n\t\t\t\t\t\tclass=\"wp-block-uagb-image-gallery uagb-block-6e826673     \"\n\t\t\t\t\t\tstyle=\"\"\n\t\t\t\t\t>\n\t\t\t\t\t\t\t\t\t\t\t<div class=\"spectra-image-gallery spectra-image-gallery__layout--grid spectra-image-gallery__layout--grid-col-2 spectra-image-gallery__layout--grid-col-tab-2 spectra-image-gallery__layout--grid-col-mob-2\">\n\t\t\t\t\t\t\t\t\t\t\t<div class='spectra-image-gallery__media-wrapper' data-spectra-gallery-image-id='11859' tabindex=\"0\">\n\t\t\t\t\t\t\t<div class=\"spectra-image-gallery__media spectra-image-gallery__media--grid\">\n\t\t\t\t<picture>\n\t\t\t\t\t<source media=\"(min-width: 1024px)\" srcset=\"https:\/\/icoprevencio.cat\/uct\/wp-content\/uploads\/sites\/10\/2024\/12\/DSC_0311-2-1-1024x576.jpg\">\n\t\t\t\t\t<source media=\"(min-width: 768px)\" srcset=\"https:\/\/icoprevencio.cat\/uct\/wp-content\/uploads\/sites\/10\/2024\/12\/DSC_0311-2-1-1024x576.jpg\">\n\t\t\t\t\t<img decoding=\"async\" class=\"spectra-image-gallery__media-thumbnail spectra-image-gallery__media-thumbnail--grid\" src=\"https:\/\/icoprevencio.cat\/uct\/wp-content\/uploads\/sites\/10\/2024\/12\/DSC_0311-2-1-300x169.jpg\" alt=\"\" loading=\"lazy\" \/>\n\t\t\t\t<\/picture>\n\t\t\t\t<div class=\"spectra-image-gallery__media-thumbnail-blurrer\"><\/div>\n\t\t\t\t\t\t\t\t\t\t\t<div class=\"spectra-image-gallery__media-thumbnail-caption-wrapper spectra-image-gallery__media-thumbnail-caption-wrapper--overlay\">\n\t\t\t\t\t\t\t\t\t\t\t<div class=\"spectra-image-gallery__media-thumbnail-caption spectra-image-gallery__media-thumbnail-caption--overlay\">\n\t\t\t\t\tNo Caption\t\t\t\t<\/div>\n\t\t\t\t\t\t\t\t\t\t<\/div>\n\t\t\t\t\t\t\t\t\t<\/div>\n\t\t\t\t\t\t<\/div>\n\t\t\t\t\t\t<div class='spectra-image-gallery__media-wrapper' data-spectra-gallery-image-id='11879' tabindex=\"0\">\n\t\t\t\t\t\t\t<div class=\"spectra-image-gallery__media spectra-image-gallery__media--grid\">\n\t\t\t\t<picture>\n\t\t\t\t\t<source media=\"(min-width: 1024px)\" srcset=\"https:\/\/icoprevencio.cat\/uct\/wp-content\/uploads\/sites\/10\/2024\/12\/DSC_0257-1024x683.jpg\">\n\t\t\t\t\t<source media=\"(min-width: 768px)\" srcset=\"https:\/\/icoprevencio.cat\/uct\/wp-content\/uploads\/sites\/10\/2024\/12\/DSC_0257-1024x683.jpg\">\n\t\t\t\t\t<img decoding=\"async\" class=\"spectra-image-gallery__media-thumbnail spectra-image-gallery__media-thumbnail--grid\" src=\"https:\/\/icoprevencio.cat\/uct\/wp-content\/uploads\/sites\/10\/2024\/12\/DSC_0257-300x200.jpg\" alt=\"\" loading=\"lazy\" \/>\n\t\t\t\t<\/picture>\n\t\t\t\t<div class=\"spectra-image-gallery__media-thumbnail-blurrer\"><\/div>\n\t\t\t\t\t\t\t\t\t\t\t<div class=\"spectra-image-gallery__media-thumbnail-caption-wrapper spectra-image-gallery__media-thumbnail-caption-wrapper--overlay\">\n\t\t\t\t\t\t\t\t\t\t\t<div class=\"spectra-image-gallery__media-thumbnail-caption spectra-image-gallery__media-thumbnail-caption--overlay\">\n\t\t\t\t\tNo Caption\t\t\t\t<\/div>\n\t\t\t\t\t\t\t\t\t\t<\/div>\n\t\t\t\t\t\t\t\t\t<\/div>\n\t\t\t\t\t\t<\/div>\n\t\t\t\t\t\t\t\t\t\t<\/div>\n\t\t\t\t\t\t\t\t\t\t\t\t\t\t\t\t\t\t<\/div>\n\t\t\t\t\t\t\t\t\t","protected":false},"excerpt":{"rendered":"<p>La Sala d\u2019Actes Pau Viladiu de l\u2019ICO l\u2019Hospitalet va acollir la 7a edici\u00f3 de l&#8217;ICO-WHO Symposium on Tobacco Control el dilluns 9 de desembre. Aquesta jornada, organitzada per la Unitat de Control del Tabac de l\u2019ICO-IDIBELL amb col\u00b7laboraci\u00f3 de l&#8217;Organitzaci\u00f3 Mundial de la Salut (OMS), t\u00e9 com a objectiu proporcionar un espai per a debatre [&hellip;]<\/p>\n","protected":false},"author":28,"featured_media":11886,"comment_status":"closed","ping_status":"closed","sticky":false,"template":"","format":"standard","meta":{"_uag_custom_page_level_css":"","site-sidebar-layout":"default","site-content-layout":"","ast-site-content-layout":"default","site-content-style":"default","site-sidebar-style":"default","ast-global-header-display":"","ast-banner-title-visibility":"","ast-main-header-display":"","ast-hfb-above-header-display":"","ast-hfb-below-header-display":"","ast-hfb-mobile-header-display":"","site-post-title":"","ast-breadcrumbs-content":"","ast-featured-img":"","footer-sml-layout":"","ast-disable-related-posts":"","theme-transparent-header-meta":"","adv-header-id-meta":"","stick-header-meta":"","header-above-stick-meta":"","header-main-stick-meta":"","header-below-stick-meta":"","astra-migrate-meta-layouts":"set","ast-page-background-enabled":"default","ast-page-background-meta":{"desktop":{"background-color":"var(--ast-global-color-4)","background-image":"","background-repeat":"repeat","background-position":"center center","background-size":"auto","background-attachment":"scroll","background-type":"","background-media":"","overlay-type":"","overlay-color":"","overlay-opacity":"","overlay-gradient":""},"tablet":{"background-color":"","background-image":"","background-repeat":"repeat","background-position":"center center","background-size":"auto","background-attachment":"scroll","background-type":"","background-media":"","overlay-type":"","overlay-color":"","overlay-opacity":"","overlay-gradient":""},"mobile":{"background-color":"","background-image":"","background-repeat":"repeat","background-position":"center center","background-size":"auto","background-attachment":"scroll","background-type":"","background-media":"","overlay-type":"","overlay-color":"","overlay-opacity":"","overlay-gradient":""}},"ast-content-background-meta":{"desktop":{"background-color":"var(--ast-global-color-5)","background-image":"","background-repeat":"repeat","background-position":"center center","background-size":"auto","background-attachment":"scroll","background-type":"","background-media":"","overlay-type":"","overlay-color":"","overlay-opacity":"","overlay-gradient":""},"tablet":{"background-color":"var(--ast-global-color-5)","background-image":"","background-repeat":"repeat","background-position":"center center","background-size":"auto","background-attachment":"scroll","background-type":"","background-media":"","overlay-type":"","overlay-color":"","overlay-opacity":"","overlay-gradient":""},"mobile":{"background-color":"var(--ast-global-color-5)","background-image":"","background-repeat":"repeat","background-position":"center center","background-size":"auto","background-attachment":"scroll","background-type":"","background-media":"","overlay-type":"","overlay-color":"","overlay-opacity":"","overlay-gradient":""}},"_vp_format_video_url":"","_vp_image_focal_point":[],"footnotes":""},"categories":[1],"tags":[],"class_list":["post-11855","post","type-post","status-publish","format-standard","has-post-thumbnail","hentry","category-general"],"uagb_featured_image_src":{"full":["https:\/\/icoprevencio.cat\/uct\/wp-content\/uploads\/sites\/10\/2024\/12\/DSC_0259-1-scaled.jpg",2560,1440,false],"thumbnail":["https:\/\/icoprevencio.cat\/uct\/wp-content\/uploads\/sites\/10\/2024\/12\/DSC_0259-1-150x150.jpg",150,150,true],"medium":["https:\/\/icoprevencio.cat\/uct\/wp-content\/uploads\/sites\/10\/2024\/12\/DSC_0259-1-300x169.jpg",300,169,true],"medium_large":["https:\/\/icoprevencio.cat\/uct\/wp-content\/uploads\/sites\/10\/2024\/12\/DSC_0259-1-768x432.jpg",768,432,true],"large":["https:\/\/icoprevencio.cat\/uct\/wp-content\/uploads\/sites\/10\/2024\/12\/DSC_0259-1-1024x576.jpg",1024,576,true],"1536x1536":["https:\/\/icoprevencio.cat\/uct\/wp-content\/uploads\/sites\/10\/2024\/12\/DSC_0259-1-1536x864.jpg",1536,864,true],"2048x2048":["https:\/\/icoprevencio.cat\/uct\/wp-content\/uploads\/sites\/10\/2024\/12\/DSC_0259-1-2048x1152.jpg",2048,1152,true],"vp_sm":["https:\/\/icoprevencio.cat\/uct\/wp-content\/uploads\/sites\/10\/2024\/12\/DSC_0259-1-500x281.jpg",500,281,true],"vp_md":["https:\/\/icoprevencio.cat\/uct\/wp-content\/uploads\/sites\/10\/2024\/12\/DSC_0259-1-800x450.jpg",800,450,true],"vp_lg":["https:\/\/icoprevencio.cat\/uct\/wp-content\/uploads\/sites\/10\/2024\/12\/DSC_0259-1-1280x720.jpg",1280,720,true],"vp_xl":["https:\/\/icoprevencio.cat\/uct\/wp-content\/uploads\/sites\/10\/2024\/12\/DSC_0259-1-1920x1080.jpg",1920,1080,true],"vp_sm_popup":["https:\/\/icoprevencio.cat\/uct\/wp-content\/uploads\/sites\/10\/2024\/12\/DSC_0259-1-500x281.jpg",500,281,true],"vp_md_popup":["https:\/\/icoprevencio.cat\/uct\/wp-content\/uploads\/sites\/10\/2024\/12\/DSC_0259-1-800x450.jpg",800,450,true],"vp_xl_popup":["https:\/\/icoprevencio.cat\/uct\/wp-content\/uploads\/sites\/10\/2024\/12\/DSC_0259-1-1920x1080.jpg",1920,1080,true]},"uagb_author_info":{"display_name":"clara","author_link":"https:\/\/icoprevencio.cat\/uct\/author\/clara\/"},"uagb_comment_info":0,"uagb_excerpt":"La Sala d\u2019Actes Pau Viladiu de l\u2019ICO l\u2019Hospitalet va acollir la 7a edici\u00f3 de l&#8217;ICO-WHO Symposium on Tobacco Control el dilluns 9 de desembre. Aquesta jornada, organitzada per la Unitat de Control del Tabac de l\u2019ICO-IDIBELL amb col\u00b7laboraci\u00f3 de l&#8217;Organitzaci\u00f3 Mundial de la Salut (OMS), t\u00e9 com a objectiu proporcionar un espai per a debatre&hellip;","_links":{"self":[{"href":"https:\/\/icoprevencio.cat\/uct\/wp-json\/wp\/v2\/posts\/11855","targetHints":{"allow":["GET"]}}],"collection":[{"href":"https:\/\/icoprevencio.cat\/uct\/wp-json\/wp\/v2\/posts"}],"about":[{"href":"https:\/\/icoprevencio.cat\/uct\/wp-json\/wp\/v2\/types\/post"}],"author":[{"embeddable":true,"href":"https:\/\/icoprevencio.cat\/uct\/wp-json\/wp\/v2\/users\/28"}],"replies":[{"embeddable":true,"href":"https:\/\/icoprevencio.cat\/uct\/wp-json\/wp\/v2\/comments?post=11855"}],"version-history":[{"count":4,"href":"https:\/\/icoprevencio.cat\/uct\/wp-json\/wp\/v2\/posts\/11855\/revisions"}],"predecessor-version":[{"id":11885,"href":"https:\/\/icoprevencio.cat\/uct\/wp-json\/wp\/v2\/posts\/11855\/revisions\/11885"}],"wp:featuredmedia":[{"embeddable":true,"href":"https:\/\/icoprevencio.cat\/uct\/wp-json\/wp\/v2\/media\/11886"}],"wp:attachment":[{"href":"https:\/\/icoprevencio.cat\/uct\/wp-json\/wp\/v2\/media?parent=11855"}],"wp:term":[{"taxonomy":"category","embeddable":true,"href":"https:\/\/icoprevencio.cat\/uct\/wp-json\/wp\/v2\/categories?post=11855"},{"taxonomy":"post_tag","embeddable":true,"href":"https:\/\/icoprevencio.cat\/uct\/wp-json\/wp\/v2\/tags?post=11855"}],"curies":[{"name":"wp","href":"https:\/\/api.w.org\/{rel}","templated":true}]}}